[{"@context":"https:\/\/schema.org\/","@type":"Article","@id":"https:\/\/www.gotico.cz\/zaridime-pro-vas-i-rekonstrukce\/#Article","mainEntityOfPage":"https:\/\/www.gotico.cz\/zaridime-pro-vas-i-rekonstrukce\/","headline":"Za\u0159\u00edd\u00edme pro V\u00e1s i rekonstrukce","name":"Za\u0159\u00edd\u00edme pro V\u00e1s i rekonstrukce","description":"Kdo z n\u00e1s, kte\u0159\u00ed jsme u\u017e n\u011bkdy v \u017eivot\u011b p\u0159estavovali nebo upravovali vzhled a uspo\u0159\u00e1d\u00e1n\u00ed pokoj\u016f, byt\u016f nebo dom\u016f, by se nesetkal se situac\u00ed, \u017ee pr\u00e1v\u011b tyto \u00fapravy vy\u017eaduj\u00ed i v\u011bt\u0161\u00ed stavebn\u00ed z\u00e1sahy, jako nap\u0159\u00edklad zm\u011bnu m\u00edsta elektrick\u00e9 z\u00e1suvky, prodlou\u017een\u00ed vodovodn\u00edho potrub\u00ed, vybour\u00e1n\u00ed p\u0159\u00ed\u010dky apod.? Pokud i Vy mus\u00edte nyn\u00ed \u0159e\u0161it tyto probl\u00e9my nebo jen [&hellip;]","datePublished":"2024-12-23","dateModified":"2024-12-23","author":{"@type":"Person","@id":"https:\/\/www.gotico.cz\/author\/#Person","name":"","url":"https:\/\/www.gotico.cz\/author\/","identifier":1,"image":{"@type":"ImageObject","@id":"https:\/\/secure.gravatar.com\/avatar\/b682f75cb96d085fca5fbc8ca3f08e323444e236f6e6028585b73de81c46f711?s=96&d=mm&r=g","url":"https:\/\/secure.gravatar.com\/avatar\/b682f75cb96d085fca5fbc8ca3f08e323444e236f6e6028585b73de81c46f711?s=96&d=mm&r=g","height":96,"width":96}},"publisher":{"@type":"Organization","name":"gotico.cz","logo":{"@type":"ImageObject","@id":"\/logo.png","url":"\/logo.png","width":600,"height":60}},"url":"https:\/\/www.gotico.cz\/zaridime-pro-vas-i-rekonstrukce\/","wordCount":176,"articleBody":"Kdo z n\u00e1s, kte\u0159\u00ed jsme u\u017e n\u011bkdy v \u017eivot\u011b p\u0159estavovali nebo upravovali vzhled a uspo\u0159\u00e1d\u00e1n\u00ed pokoj\u016f, byt\u016f nebo dom\u016f, by se nesetkal se situac\u00ed, \u017ee pr\u00e1v\u011b tyto \u00fapravy vy\u017eaduj\u00ed i v\u011bt\u0161\u00ed stavebn\u00ed z\u00e1sahy, jako nap\u0159\u00edklad zm\u011bnu m\u00edsta elektrick\u00e9 z\u00e1suvky, prodlou\u017een\u00ed vodovodn\u00edho potrub\u00ed, vybour\u00e1n\u00ed p\u0159\u00ed\u010dky apod.? Pokud i Vy mus\u00edte nyn\u00ed \u0159e\u0161it tyto probl\u00e9my nebo jen m\u00e1te z\u00e1jem o n\u00e1vrhy interi\u00e9r\u016f, pak se m\u016f\u017eete s d\u016fv\u011brou obr\u00e1tit na na\u0161e zaveden\u00e9 design\u00e9rsk\u00e9 studio, kter\u00e9 pro V\u00e1s za\u0159\u00edd\u00ed i rekonstrukci.P\u0159\u00edpravn\u00e9 stavebn\u00ed pr\u00e1ceP\u0159i navrhov\u00e1n\u00ed interi\u00e9r\u016f se \u010dasto setk\u00e1v\u00e1me i s takov\u00fdmi po\u017eadavky klienta, kter\u00e9 se neobejdou bez stavebn\u00edch z\u00e1sah\u016f do jeho nemovitosti. \u010casto tedy vyu\u017e\u00edv\u00e1me na\u0161e spolehliv\u00e9 partnery, kte\u0159\u00ed pro n\u00e1s zajist\u00ed pot\u0159ebn\u00e9 p\u0159\u00edpravn\u00e9 stavebn\u00ed pr\u00e1ce a rekonstrukce pro zrealizov\u00e1n\u00ed na\u0161ich grafick\u00fdch podklad\u016f.                                                                                                                                                                                                                                                                                                                                                                                         4.3\/5 - (3 votes)        "},{"@context":"https:\/\/schema.org\/","@type":"BreadcrumbList","itemListElement":[{"@type":"ListItem","position":1,"name":"Za\u0159\u00edd\u00edme pro V\u00e1s i rekonstrukce","item":"https:\/\/www.gotico.cz\/zaridime-pro-vas-i-rekonstrukce\/#breadcrumbitem"}]}]