[{"@context":"https:\/\/schema.org\/","@type":"Article","@id":"https:\/\/www.gotico.cz\/v-lete-chladi-v-zime-hreje\/#Article","mainEntityOfPage":"https:\/\/www.gotico.cz\/v-lete-chladi-v-zime-hreje\/","headline":"V l\u00e9t\u011b chlad\u00ed, v zim\u011b h\u0159eje","name":"V l\u00e9t\u011b chlad\u00ed, v zim\u011b h\u0159eje","description":"Tak\u00e9 sv\u00e1d\u00edte marn\u00fd ka\u017edodenn\u00ed boj s prachem, pop\u0159\u00edpad\u011b s pyly, kter\u00e9 neust\u00e1le ohro\u017euj\u00ed v\u00e1s i va\u0161e bl\u00edzk\u00e9. Mo\u017en\u00e1 v\u00e1s p\u0159ekvap\u00ed jednoduchost \u0159e\u0161en\u00ed, kter\u00e9 v\u00e1m nab\u00edz\u00edme. Zkvalitn\u011bte sv\u00e9 bydlen\u00ed a nechte si do va\u0161\u00ed dom\u00e1cnosti nainstalovat vzduchotechniku, d\u00edky kter\u00e9 se zbav\u00edte v\u0161ech ne\u010distot v ovzdu\u0161\u00ed va\u0161\u00ed dom\u00e1cnosti. \u00a0 V sou\u010dasn\u00e9 dob\u011b najdete v nab\u00eddce celou \u0159adu [&hellip;]","datePublished":"2025-09-27","dateModified":"2025-09-27","author":{"@type":"Person","@id":"https:\/\/www.gotico.cz\/author\/#Person","name":"","url":"https:\/\/www.gotico.cz\/author\/","identifier":1,"image":{"@type":"ImageObject","@id":"https:\/\/secure.gravatar.com\/avatar\/b682f75cb96d085fca5fbc8ca3f08e323444e236f6e6028585b73de81c46f711?s=96&d=mm&r=g","url":"https:\/\/secure.gravatar.com\/avatar\/b682f75cb96d085fca5fbc8ca3f08e323444e236f6e6028585b73de81c46f711?s=96&d=mm&r=g","height":96,"width":96}},"publisher":{"@type":"Organization","name":"gotico.cz","logo":{"@type":"ImageObject","@id":"\/logo.png","url":"\/logo.png","width":600,"height":60}},"url":"https:\/\/www.gotico.cz\/v-lete-chladi-v-zime-hreje\/","wordCount":396,"articleBody":"Tak\u00e9 sv\u00e1d\u00edte marn\u00fd ka\u017edodenn\u00ed boj s prachem, pop\u0159\u00edpad\u011b s pyly, kter\u00e9 neust\u00e1le ohro\u017euj\u00ed v\u00e1s i va\u0161e bl\u00edzk\u00e9. Mo\u017en\u00e1 v\u00e1s p\u0159ekvap\u00ed jednoduchost \u0159e\u0161en\u00ed, kter\u00e9 v\u00e1m nab\u00edz\u00edme. Zkvalitn\u011bte sv\u00e9 bydlen\u00ed a nechte si do va\u0161\u00ed dom\u00e1cnosti nainstalovat vzduchotechniku, d\u00edky kter\u00e9 se zbav\u00edte v\u0161ech ne\u010distot v ovzdu\u0161\u00ed va\u0161\u00ed dom\u00e1cnosti.\u00a0V sou\u010dasn\u00e9 dob\u011b najdete v nab\u00eddce celou \u0159adu dom\u00e1c\u00edch klimatizac\u00ed, kter\u00e9 d\u00edky mno\u017estv\u00ed r\u016fzn\u00fdch filtr\u016f kvalitn\u011b vy\u010dist\u00ed vzduch. Je samoz\u0159ejm\u011b d\u016fle\u017eit\u00e9 obr\u00e1tit se na odbornou firmu, kter\u00e1 v\u00e1m klimatizaci nejen nainstaluje, ale bude se pod\u00edlet i na v\u00fdb\u011bru vhodn\u00e9m pr\u00e1v\u011b pro va\u0161i dom\u00e1cnost.\u00a0P\u0159i v\u00fdb\u011bru se mus\u00ed krom\u011b ceny vz\u00edt v \u00favahu i cel\u00e1 \u0159ada dal\u0161\u00edch kriteri\u00ed. Uv\u00e1d\u00edme ty nejd\u016fle\u017eit\u011bj\u0161\u00ed:\u00b7\u00a0\u00a0\u00a0\u00a0\u00a0\u00a0\u00a0\u00a0 v\u00fdkon\u00b7\u00a0\u00a0\u00a0\u00a0\u00a0\u00a0\u00a0\u00a0 prostor\u00b7\u00a0\u00a0\u00a0\u00a0\u00a0\u00a0\u00a0\u00a0 po\u010det oken\u00b7\u00a0\u00a0\u00a0\u00a0\u00a0\u00a0\u00a0\u00a0 po\u010det pou\u017e\u00edvan\u00fdch spot\u0159ebi\u010d\u016f\u00b7\u00a0\u00a0\u00a0\u00a0\u00a0\u00a0\u00a0\u00a0 hlu\u010dnost\u00b7\u00a0\u00a0\u00a0\u00a0\u00a0\u00a0\u00a0\u00a0 design\u00a0Pro vyu\u017eit\u00ed v dom\u00e1cnosti m\u016f\u017eete vyb\u00edrat ze dvou z\u00e1kladn\u00edch typ\u016f, a to mobiln\u00ed nebo d\u011blenou klimatizaci. Jak u\u017e z n\u00e1zvu vypl\u00fdv\u00e1, mobiln\u00ed klimatizaci je mo\u017en\u00e9 p\u0159em\u00eds\u0165ovat mezi jednotliv\u00fdmi m\u00edstnostmi podle va\u0161\u00ed pot\u0159eby. M\u00e1 samoz\u0159ejm\u011b men\u0161\u00ed v\u00fdkon, ni\u017e\u0161\u00ed po\u0159izovac\u00ed cenu a je vhodn\u00e1 sp\u00ed\u0161e pro p\u016fvodn\u00ed z\u00e1m\u011br, a to je ochlazen\u00ed vyh\u0159\u00e1t\u00e9 m\u00edstnosti.\u00a0Mnohem dokonalej\u0161\u00ed je d\u011blen\u00e1 klimatizace, kter\u00e1 se skl\u00e1d\u00e1 z venkovn\u00ed a vnit\u0159n\u00ed \u010d\u00e1sti. Um\u00edst\u011bn\u00ed vnit\u0159n\u00ed \u010d\u00e1sti je v\u017edy individu\u00e1ln\u00ed a z\u00e1le\u017e\u00ed nejen na prostoru, ale tak\u00e9 na va\u0161ich po\u017eadavc\u00edch a p\u0159edstav\u00e1ch. Tento typ vzduchotechniky je ji\u017e schopn\u00fd zajistit nejen ochlazov\u00e1n\u00ed vzduchu v hork\u00fdch letn\u00edch dnech, ale tak\u00e9 ji\u017e zm\u00edn\u011bn\u00e9 vy\u010dist\u011bn\u00ed vzduchu ve va\u0161\u00ed dom\u00e1cnosti nejen od prachu a pyl\u016f, ale tak\u00e9 od rozto\u010d\u016f, vir\u016f a bakteri\u00ed.\u00a0Jist\u011b v\u00e1s pot\u011b\u0161\u00ed i skute\u010dnost, \u017ee klimatizaci m\u016f\u017eete v dne\u0161n\u00ed dob\u011b vyu\u017e\u00edvat b\u011bhem cel\u00e9ho roku, proto\u017ee nejen v l\u00e9t\u011b vzduch ochlazuje, ale v zim\u011b je schopn\u00e1 vzduch oh\u0159\u00edvat. A proto v p\u0159\u00edpad\u011b, \u017ee chcete zdrav\u011b bydlet, po\u0159i\u010fte si kvalitn\u00ed klimatizaci.                                                                                                                                                                                                                                                                                                                                                                                        4.6\/5 - (5 votes)        "},{"@context":"https:\/\/schema.org\/","@type":"BreadcrumbList","itemListElement":[{"@type":"ListItem","position":1,"name":"V l\u00e9t\u011b chlad\u00ed, v zim\u011b h\u0159eje","item":"https:\/\/www.gotico.cz\/v-lete-chladi-v-zime-hreje\/#breadcrumbitem"}]}]