[{"@context":"https:\/\/schema.org\/","@type":"Article","@id":"https:\/\/www.gotico.cz\/teple-svetry\/#Article","mainEntityOfPage":"https:\/\/www.gotico.cz\/teple-svetry\/","headline":"Tepl\u00e9 svetry","name":"Tepl\u00e9 svetry","description":"Kdy\u017e se bl\u00ed\u017eily V\u00e1noce, tak jsem st\u00e1le nev\u011bd\u011bla, co d\u00e1m na V\u00e1noce sv\u00e9mu otci a tak\u00e9 sv\u00e9mu bratrovi. Proto\u017ee oni dva jsou opravdu hodn\u011b n\u00e1ro\u010dn\u00ed, tak jsem v\u016fbec netu\u0161ila, jak\u00fd d\u00e1rek by pro n\u011b byl opravdu ten nejlep\u0161\u00ed. Proto\u017ee si tak\u00e9 vzpom\u00edn\u00e1m, kdy\u017e jsem jim minul\u00fd rok po\u0159\u00eddila parf\u00e9m a tak\u00e9 v\u00edno. Proto\u017ee oba dva [&hellip;]","datePublished":"2023-02-27","dateModified":"2023-04-26","author":{"@type":"Person","@id":"https:\/\/www.gotico.cz\/author\/#Person","name":"","url":"https:\/\/www.gotico.cz\/author\/","identifier":1,"image":{"@type":"ImageObject","@id":"https:\/\/secure.gravatar.com\/avatar\/b682f75cb96d085fca5fbc8ca3f08e323444e236f6e6028585b73de81c46f711?s=96&d=mm&r=g","url":"https:\/\/secure.gravatar.com\/avatar\/b682f75cb96d085fca5fbc8ca3f08e323444e236f6e6028585b73de81c46f711?s=96&d=mm&r=g","height":96,"width":96}},"publisher":{"@type":"Organization","name":"gotico.cz","logo":{"@type":"ImageObject","@id":"\/logo.png","url":"\/logo.png","width":600,"height":60}},"image":{"@type":"ImageObject","@id":"https:\/\/www.gotico.cz\/wp-content\/uploads\/fashion-2606503_960_720.jpg","url":"https:\/\/www.gotico.cz\/wp-content\/uploads\/fashion-2606503_960_720.jpg","height":0,"width":0},"url":"https:\/\/www.gotico.cz\/teple-svetry\/","about":["Nakupov\u00e1n\u00ed"],"wordCount":421,"articleBody":"        Kdy\u017e se bl\u00ed\u017eily V\u00e1noce, tak jsem st\u00e1le nev\u011bd\u011bla, co d\u00e1m na V\u00e1noce sv\u00e9mu otci a tak\u00e9 sv\u00e9mu bratrovi. Proto\u017ee oni dva jsou opravdu hodn\u011b n\u00e1ro\u010dn\u00ed, tak jsem v\u016fbec netu\u0161ila, jak\u00fd d\u00e1rek by pro n\u011b byl opravdu ten nejlep\u0161\u00ed. Proto\u017ee si tak\u00e9 vzpom\u00edn\u00e1m, kdy\u017e jsem jim minul\u00fd rok po\u0159\u00eddila parf\u00e9m a tak\u00e9 v\u00edno. Proto\u017ee oba dva miluj\u00ed v\u00edna. S t\u00edm v\u00ednem jsem samoz\u0159ejm\u011b usp\u011bla, proto\u017ee se \u0159\u00edk\u00e1, \u017ee v\u00ednem a kv\u011btinou \u010dlov\u011bk nikdy nic nezkaz\u00ed. Tak\u017ee s v\u00ednem jsem u otce a bratra opravdu skv\u011ble usp\u011bla. Jenom\u017ee co u\u017e jsem neusp\u011bla, tak byl parf\u00e9m. Proto\u017ee m\u016fj otec se v\u016fbec nevon\u00ed. Tohle jsem sice v\u011bd\u011bla, ale opravdu jsem cht\u011bla d\u00e1t otci n\u011bjak\u00fd lep\u0161\u00ed d\u00e1rek ne\u017e jenom v\u00edno. V\u00edno d\u00e1v\u00e1m otci na ka\u017edou p\u0159\u00edle\u017eitost a je to u\u017e podle m\u011b trapn\u00e9. Tak jsem to zkusil s parf\u00e9mem. A bohu\u017eel se to nepoda\u0159ilo ani u bratra. Bratr m\u00e1 \u00fapln\u011b jin\u00fd styl. J\u00e1 to tak\u00e9 v\u00edm, ale cht\u011bla jsem zkusit pro bratra n\u011bco nov\u00e9ho. A potom, kdy\u017e mi moje kamar\u00e1dka doporu\u010dila webovou str\u00e1nku c-store.cz, kde prod\u00e1vaj\u00ed opravdu kr\u00e1sn\u00e9 svetry a mikiny, tak u\u017e bylo rozhodnuto. Ona vlastn\u011b bude zima, tak pro\u010d bych bratrovi a otci nekoupila n\u011bjak\u00fd kr\u00e1sn\u00fd a kvalitn\u00ed tepl\u00fd svetr. \u0158ekla jsem si, \u017ee nejlep\u0161\u00ed bude svetr Devold. Sly\u0161ela jsem, \u017ee pr\u00e1v\u011b tyto zm\u00edn\u011bn\u00e9 svetry Devold jsou opravdu kr\u00e1sn\u00e9. Mn\u011b osobn\u011b se l\u00edb\u00ed jejich vzory a tak\u00e9 m\u011b t\u011b\u0161\u00ed, \u017ee tyto svetry Devold mohou m\u00edt tak\u00e9 rol\u00e1k. Jsou ud\u011blan\u00e9 z vlny a opravdu skv\u011ble sed\u00ed a p\u0159izp\u016fsob\u00ed se ka\u017ed\u00e9 postav\u011b. Je to vysoce kvalitn\u00ed materi\u00e1l, kter\u00fd je prody\u0161n\u00fd, tak\u017ee se v n\u011bm \u010dlov\u011bk nebude v\u016fbec potit. Sice cena je o n\u011bco vy\u0161\u0161\u00ed, ale v\u0161ichni v\u00edme, \u017ee za kvalitu se plat\u00ed. A svetr vydr\u017e\u00ed opravdu dlouho. A svetry Devold jsou tak designov\u00e9 a zaj\u00edmav\u00e9, \u017ee si otec potom je\u0161t\u011b dal\u0161\u00ed dva svetry po\u0159\u00eddil s\u00e1m. a bratr? Tak ten si tak\u00e9 tyto svetry zamiloval. t\u011b\u0161\u00ed m\u011b, \u017ee jsem se jim trefila do vkusu n\u011b\u010d\u00edm praktick\u00fdm, co unos\u00ed.                                                                                                                                                                                                                                                                                                                                                                                           4.4\/5 - (7 votes)        "},{"@context":"https:\/\/schema.org\/","@type":"BreadcrumbList","itemListElement":[{"@type":"ListItem","position":1,"name":"Tepl\u00e9 svetry","item":"https:\/\/www.gotico.cz\/teple-svetry\/#breadcrumbitem"}]}]