[{"@context":"https:\/\/schema.org\/","@type":"Article","@id":"https:\/\/www.gotico.cz\/prijdte-si-vybrat-z-naseho-textilniho-zbozi\/#Article","mainEntityOfPage":"https:\/\/www.gotico.cz\/prijdte-si-vybrat-z-naseho-textilniho-zbozi\/","headline":"P\u0159ij\u010fte si vybrat z na\u0161eho textiln\u00edho zbo\u017e\u00ed","name":"P\u0159ij\u010fte si vybrat z na\u0161eho textiln\u00edho zbo\u017e\u00ed","description":"Ka\u017ed\u00e1 \u017eena se chce l\u00edbit. Proto m\u00e1 z\u00e1jem z\u00edskat takov\u00e9 oble\u010den\u00ed, kter\u00e9 j\u00ed slu\u0161\u00ed. V\u011b\u0159\u00edme, \u017ee u n\u00e1s m\u00e1me takov\u00e9 k dispozici. Na\u0161e \u017eeny a d\u00edvky se neobejdou ani bez kvalitn\u00edch d\u00e1msk\u00fdch bund. Dostavte se k n\u00e1m a m\u016f\u017eete si z nich vybrat. Bude z\u00e1le\u017eet pouze na va\u0161em vkusu. Na\u0161i odborn\u00edci v\u00e1m s v\u00fdb\u011brem mohou [&hellip;]","datePublished":"2025-03-16","dateModified":"2025-03-16","author":{"@type":"Person","@id":"https:\/\/www.gotico.cz\/author\/#Person","name":"","url":"https:\/\/www.gotico.cz\/author\/","identifier":1,"image":{"@type":"ImageObject","@id":"https:\/\/secure.gravatar.com\/avatar\/b682f75cb96d085fca5fbc8ca3f08e323444e236f6e6028585b73de81c46f711?s=96&d=mm&r=g","url":"https:\/\/secure.gravatar.com\/avatar\/b682f75cb96d085fca5fbc8ca3f08e323444e236f6e6028585b73de81c46f711?s=96&d=mm&r=g","height":96,"width":96}},"publisher":{"@type":"Organization","name":"gotico.cz","logo":{"@type":"ImageObject","@id":"\/logo.png","url":"\/logo.png","width":600,"height":60}},"url":"https:\/\/www.gotico.cz\/prijdte-si-vybrat-z-naseho-textilniho-zbozi\/","wordCount":191,"articleBody":"Ka\u017ed\u00e1 \u017eena se chce l\u00edbit. Proto m\u00e1 z\u00e1jem z\u00edskat takov\u00e9 oble\u010den\u00ed, kter\u00e9 j\u00ed slu\u0161\u00ed. V\u011b\u0159\u00edme, \u017ee u n\u00e1s m\u00e1me takov\u00e9 k dispozici. Na\u0161e \u017eeny a d\u00edvky se neobejdou ani bez kvalitn\u00edch d\u00e1msk\u00fdch bund. Dostavte se k n\u00e1m a m\u016f\u017eete si z nich vybrat. Bude z\u00e1le\u017eet pouze na va\u0161em vkusu. Na\u0161i odborn\u00edci v\u00e1m s v\u00fdb\u011brem mohou i pomoci. T\u011b\u0161\u00edme se na v\u0161echny na\u0161e z\u00e1kazn\u00edky. Nab\u00edz\u00edme novinky z textiln\u00edch v\u00fdrobk\u016f pro \u017eeny R\u00e1di bychom oslovili na\u0161e \u017eeny a d\u00edvky. M\u00e1me pro v\u00e1s zaj\u00edmav\u00e9 textiln\u00ed v\u00fdrobky. Chcete se modern\u011b obl\u00e9kat? V takov\u00e9m p\u0159\u00edpad\u011b m\u00e1te u n\u00e1s mo\u017enost takov\u00e9 od\u011bvy z\u00edskat. Na\u0161e zbo\u017e\u00ed je velmi kvalitn\u00ed. Ur\u010dit\u011b je ocen\u00ed ka\u017ed\u00e1 z v\u00e1s. Budou v\u00e1m slu\u0161et. \u010cek\u00e1me ji\u017e na v\u00e1s. Tak nev\u00e1hejte a vypravte se za n\u00e1mi. Na\u0161e d\u00e1msk\u00e9 bundy ji\u017e jsou pro v\u00e1s p\u0159ipraveny.                                                                                                                                                                                                                                                                                                                                                                                                "},{"@context":"https:\/\/schema.org\/","@type":"BreadcrumbList","itemListElement":[{"@type":"ListItem","position":1,"name":"P\u0159ij\u010fte si vybrat z na\u0161eho textiln\u00edho zbo\u017e\u00ed","item":"https:\/\/www.gotico.cz\/prijdte-si-vybrat-z-naseho-textilniho-zbozi\/#breadcrumbitem"}]}]