[{"@context":"https:\/\/schema.org\/","@type":"Article","@id":"https:\/\/www.gotico.cz\/desne-pupinky\/#Article","mainEntityOfPage":"https:\/\/www.gotico.cz\/desne-pupinky\/","headline":"D\u011bsn\u00e9 pup\u00ednky","name":"D\u011bsn\u00e9 pup\u00ednky","description":"P\u0159ed dv\u011bma t\u00fddny jsem vstala z postele, m\u011bla jsem \u00fa\u017easnou n\u00e1ladu a kdy\u017e jsem se pod\u00edvala do zrcadlo, tak m\u011b r\u00e1zem p\u0159e\u0161la. Jakmile jsem toti\u017e znovu na m\u00e9 tv\u00e1\u0159i uvid\u011bla na m\u00e9m obli\u010deji v\u00fdrazn\u00e9 pup\u00ednky, myslela jsem, \u017ee si vy\u0161kubu vlasu. J\u00e1 jsem toti\u017e \u010dlov\u011bk, kter\u00fd si docela dost zakl\u00e1d\u00e1 na sv\u00e9m vzhledu a toto [&hellip;]","datePublished":"2024-01-20","dateModified":"2024-02-21","author":{"@type":"Person","@id":"https:\/\/www.gotico.cz\/author\/#Person","name":"","url":"https:\/\/www.gotico.cz\/author\/","identifier":1,"image":{"@type":"ImageObject","@id":"https:\/\/secure.gravatar.com\/avatar\/b682f75cb96d085fca5fbc8ca3f08e323444e236f6e6028585b73de81c46f711?s=96&d=mm&r=g","url":"https:\/\/secure.gravatar.com\/avatar\/b682f75cb96d085fca5fbc8ca3f08e323444e236f6e6028585b73de81c46f711?s=96&d=mm&r=g","height":96,"width":96}},"publisher":{"@type":"Organization","name":"gotico.cz","logo":{"@type":"ImageObject","@id":"\/logo.png","url":"\/logo.png","width":600,"height":60}},"image":{"@type":"ImageObject","@id":"https:\/\/www.gotico.cz\/wp-content\/uploads\/pexels-anna-nekrashevich-6476081_1.jpg","url":"https:\/\/www.gotico.cz\/wp-content\/uploads\/pexels-anna-nekrashevich-6476081_1.jpg","height":0,"width":0},"url":"https:\/\/www.gotico.cz\/desne-pupinky\/","about":["Nakupov\u00e1n\u00ed"],"wordCount":422,"articleBody":"   P\u0159ed dv\u011bma t\u00fddny jsem vstala z postele, m\u011bla jsem \u00fa\u017easnou n\u00e1ladu a kdy\u017e jsem se pod\u00edvala do zrcadlo, tak m\u011b r\u00e1zem p\u0159e\u0161la. Jakmile jsem toti\u017e znovu na m\u00e9 tv\u00e1\u0159i uvid\u011bla na m\u00e9m obli\u010deji v\u00fdrazn\u00e9 pup\u00ednky, myslela jsem, \u017ee si vy\u0161kubu vlasu. J\u00e1 jsem toti\u017e \u010dlov\u011bk, kter\u00fd si docela dost zakl\u00e1d\u00e1 na sv\u00e9m vzhledu a toto naprosto nesn\u00e1\u0161\u00edm. Jasn\u011b, \u017ee je p\u0159irozen\u00e9 a norm\u00e1ln\u00ed, kdy\u017e sem tam vysko\u010d\u00ed n\u011bjak\u00fd pup\u00ednek, ale toto byly pup\u00ednky, kter\u00e9 byly hodn\u011b vid\u011bt a prost\u011b to na obli\u010deji nevypad\u00e1 hezky. Byla jsem na\u0161tvan\u00e1 a za\u010dala jsem hledat v\u0161elijak\u00e1 \u0159e\u0161en\u00ed na internetu, co by na ty pup\u00ednky mohlo pomoct. N\u011bkde bylo naps\u00e1no, \u017ee v\u00fdskyt pup\u00ednk\u016f a \u010dasto m\u016f\u017ee b\u00fdt i kv\u016fli \u0161patn\u00e9 \u017eivotospr\u00e1v\u011b (t\u0159eba pit\u00ed alkoholu, konzumace tu\u010dn\u00fdch j\u00eddel a tak d\u00e1l).Ale nemus\u00ed. M\u016f\u017ee to b\u00fdt I geneticky dan\u00e9. T\u011bch v\u011bc\u00ed, kter\u00e9 to ovliv\u0148uj\u00ed, je opravdu hodn\u011b a je t\u011b\u017ek\u00e9 zjistit, co to zp\u016fsobuje pr\u00e1v\u011b u v\u00e1s. Ale nakonec jsem na\u0161la \u0159e\u0161en\u00ed, kter\u00e9 m\u011b pomohlo a jsem neskute\u010dn\u011b vd\u011b\u010dn\u00e1, \u017ee jsem na\u0161la kolagen. Kolagen mi toti\u017e pomohl k tomu, abych se c\u00edtila sebev\u011bdom\u011b. B\u011bhem doby, co jsem za\u010dala u\u017e\u00edvat kolagen a vlastn\u011b ho p\u00edt, tak se mi ple\u0165 nehor\u00e1zn\u011b moc zlep\u0161ila. Jsem \u00fapln\u011b nad\u0161en\u00e1. Nikdy bych nev\u011b\u0159ila tomu, \u017ee to bude fungovat.Zaznamenala jsem za tu dobu v\u00fdsledky u\u017e do dvou t\u00fddn\u016f. Podle m\u00e9ho n\u00e1zoru je to naprosto neskute\u010dn\u00e9ho. Naprost\u00e1 pecka a bomba, \u017ee n\u011bco takov\u00e9ho existuje a m\u016f\u017ee si to koupit ka\u017ed\u00fd \u010dlov\u011bk. Kolagen ale nepom\u00e1h\u00e1 jenom na pup\u00ednky a celkov\u011b na zlep\u0161en\u00ed pleti, ale i na vlasy l, nehty a podobn\u011b. J\u00e1 jsem krom\u011b pleti p\u0159edt\u00edm bojovala i s \u010dast\u00fdm ma\u0161t\u011bn\u00edm vlas\u016f a te\u010f si v\u016fbec nem\u016f\u017eu st\u011b\u017eovat. Kr\u00e1sn\u011b se lesknou a u\u017e se tak \u010dasto nemast\u00ed, a to mi popravd\u011b \u0159e\u010deno docela uleh\u010dilo \u017eivot. Tak\u017ee tady na tomhle p\u0159\u00edkladu m\u016f\u017eete vid\u011bt, \u017ee kolagen je pomocn\u00edk, kter\u00e9ho by si m\u011bl dom\u016f po\u0159\u00eddit naprosto ka\u017ed\u00fd. Tak nev\u00e1hejte a uvid\u00edte.                                                                                                                                                                                                                                                                                                                                                                                          3.5\/5 - (12 votes)        "},{"@context":"https:\/\/schema.org\/","@type":"BreadcrumbList","itemListElement":[{"@type":"ListItem","position":1,"name":"D\u011bsn\u00e9 pup\u00ednky","item":"https:\/\/www.gotico.cz\/desne-pupinky\/#breadcrumbitem"}]}]